{"id":463,"date":"2013-07-16T06:15:40","date_gmt":"2013-07-16T06:15:40","guid":{"rendered":"http:\/\/katalog.pagematerialy.pl\/?p=463"},"modified":"2013-07-16T06:15:40","modified_gmt":"2013-07-16T06:15:40","slug":"jak-znalezc-wlasciwego-fotografa","status":"publish","type":"post","link":"http:\/\/katalog.pagematerialy.pl\/?p=463","title":{"rendered":"Jak znale\u017a\u0107 w\u0142a\u015bciwego fotografa?"},"content":{"rendered":"<p>Istotne uroczysto\u015bci rodzinne ka\u017cdy preferuje uwieczni\u0107. Wiadomo, \u017ce one ju\u017c nigdy si\u0119 nie powt\u00f3rz\u0105, ka\u017cda chwila jest na prawd\u0119 wa\u017cna. Fotografia pozwala na to, \u017ceby posiada\u0107 wspania\u0142\u0105 pami\u0105tk\u0119. W chwili obecnej prawie ka\u017cdy posiada aparat fotograficzny i ma mo\u017cliwo\u015b\u0107 robi\u0107 zdj\u0119cia w dowolnym momencie. Du\u017co os\u00f3b posiada mas\u0119 zdj\u0119\u0107, wykonywanych w bardzo du\u017cych ilo\u015bciach dzie\u0144 w dzie\u0144. <!--more-->Pomimo \u017ce s\u0105 aparaty to na wa\u017cniejsze uroczysto\u015bci jak chrzest, komunia \u015bwi\u0119ta, \u015blub wynajmuje si\u0119 fotografa, kt\u00f3ry wykona profesjonalne zdj\u0119cia. Zdj\u0119cia wykonywane s\u0105 w studiu fotograficznym lub w plenerze, w wsp\u00f3\u0142zale\u017cno\u015bci od wymaga\u0144. Warto przed wa\u017cniejszymi uroczysto\u015bciami zarezerwowa\u0107 <a href=\"http:\/\/fotoborkowski.pl\">fotograf mi\u0144sk mazowiecki<\/a> , bo mo\u017ce si\u0119 okaza\u0107, \u017ce nie ma potem wolnych termin\u00f3w. Jest to do\u015b\u0107 znaczny k\u0142opot, jak nie ma poniewa\u017c znalezienie kogo\u015b na ko\u0144cow\u0105 chwil\u0119 jest skomplikowane. Pragn\u0105c posiada\u0107 fotografa na \u015blub, warto zarezerwowa\u0107 go na kilka miesi\u0119cy a dos\u0142ownie na 2 lata przed \u015blubem. Mo\u017ce si\u0119 okaza\u0107, \u017ce na \u015blub nie b\u0119dzie fotografa, bo terminy s\u0105 pozajmowane. Najwi\u0119cej ludzi bierze \u015blub w okresie wakacji w sierpniu potem w pa\u017adzierniku. Te terminy s\u0105 najlepiej oblegane, wi\u0119c nale\u017cy si\u0119 \u015bpieszy\u0107. Zak\u0142ad\u00f3w fotograficznych jest sporo, ale je\u015bli chodzi o wynaj\u0119cie na ca\u0142y dzie\u0144 fotografa ma mo\u017cliwo\u015b\u0107 ju\u017c nie by\u0107 tak \u0142atwo. Je\u015bli na ostatni\u0105 chwil\u0119 nie znajdzie si\u0119 nikogo, mo\u017cna zdecydowa\u0107 si\u0119 na zdj\u0119cia w studiu. Trwa to kilkana\u015bcie minut, maksymalnie p\u00f3\u0142 godziny i zostanie utworzonych wiele zdj\u0119\u0107 na miejscu. Na samym \u015blubie i weselu powinno si\u0119 liczy\u0107 na co\u015b innego, czyli na zdj\u0119cia, kt\u00f3re tworzy kto\u015b z rodziny. Takie s\u0105 konsekwencje zostawienia wszystkiego na finaln\u0105 chwil\u0119. Zw\u0142aszcza przed \u015blubem, nale\u017cy sporo wcze\u015bniej zarezerwowa\u0107 sobie fotografa, kamerzyst\u0119, zesp\u00f3\u0142 muzyczny i sal\u0119 weseln\u0105. Najlepiej pomy\u015ble\u0107 o tym w momencie gdy ustali si\u0119 dat\u0119 \u015blubu. Z chrzcinami czy komuni\u0105 nie ma ju\u017c takiego problemu, jest to zaledwie kilka godzin, ale w okresie komunijnym ma mo\u017cliwo\u015b\u0107 by\u0107 ci\u0119\u017cko. W wielu ko\u015bcio\u0142ach sporo przedtem znany jest termin komunii \u015bwi\u0119tej, wi\u0119c warto wiele uprzednio o tym pomy\u015ble\u0107.<\/p>\n","protected":false},"excerpt":{"rendered":"<p>Istotne uroczysto\u015bci rodzinne ka\u017cdy preferuje uwieczni\u0107. Wiadomo, \u017ce one ju\u017c nigdy si\u0119 nie powt\u00f3rz\u0105, ka\u017cda chwila jest na prawd\u0119 wa\u017cna. Fotografia pozwala na to, \u017ceby posiada\u0107 wspania\u0142\u0105 pami\u0105tk\u0119. W chwili obecnej prawie ka\u017cdy posiada aparat fotograficzny i ma mo\u017cliwo\u015b\u0107 robi\u0107 zdj\u0119cia w dowolnym momencie. Du\u017co os\u00f3b posiada mas\u0119 zdj\u0119\u0107, wykonywanych w bardzo du\u017cych ilo\u015bciach dzie\u0144 w dzie\u0144.<\/p>\n","protected":false},"author":1,"featured_media":0,"comment_status":"open","ping_status":"open","sticky":false,"template":"","format":"standard","meta":[],"categories":[1],"tags":[],"_links":{"self":[{"href":"http:\/\/katalog.pagematerialy.pl\/index.php?rest_route=\/wp\/v2\/posts\/463"}],"collection":[{"href":"http:\/\/katalog.pagematerialy.pl\/index.php?rest_route=\/wp\/v2\/posts"}],"about":[{"href":"http:\/\/katalog.pagematerialy.pl\/index.php?rest_route=\/wp\/v2\/types\/post"}],"author":[{"embeddable":true,"href":"http:\/\/katalog.pagematerialy.pl\/index.php?rest_route=\/wp\/v2\/users\/1"}],"replies":[{"embeddable":true,"href":"http:\/\/katalog.pagematerialy.pl\/index.php?rest_route=%2Fwp%2Fv2%2Fcomments&post=463"}],"version-history":[{"count":0,"href":"http:\/\/katalog.pagematerialy.pl\/index.php?rest_route=\/wp\/v2\/posts\/463\/revisions"}],"wp:attachment":[{"href":"http:\/\/katalog.pagematerialy.pl\/index.php?rest_route=%2Fwp%2Fv2%2Fmedia&parent=463"}],"wp:term":[{"taxonomy":"category","embeddable":true,"href":"http:\/\/katalog.pagematerialy.pl\/index.php?rest_route=%2Fwp%2Fv2%2Fcategories&post=463"},{"taxonomy":"post_tag","embeddable":true,"href":"http:\/\/katalog.pagematerialy.pl\/index.php?rest_route=%2Fwp%2Fv2%2Ftags&post=463"}],"curies":[{"name":"wp","href":"https:\/\/api.w.org\/{rel}","templated":true}]}}