{"id":13725,"date":"2021-12-27T10:54:06","date_gmt":"2021-12-27T10:54:06","guid":{"rendered":"http:\/\/katalog.pagematerialy.pl\/?p=13725"},"modified":"2021-12-27T10:54:06","modified_gmt":"2021-12-27T10:54:06","slug":"fotografia-dla-firm","status":"publish","type":"post","link":"http:\/\/katalog.pagematerialy.pl\/?p=13725","title":{"rendered":"Fotografia dla firm"},"content":{"rendered":"<p>Je\u017celi ju\u017c potrzebujemy profesjonalnych sesji zdj\u0119ciowych, to z ca\u0142\u0105 pewno\u015bci\u0105 warto skorzysta\u0107 z do\u015bwiadczonych firm, kt\u00f3re oferuj\u0105 mi\u0119dzy innymi zdj\u0119cia firmowe. Nale\u017cy pami\u0119ta\u0107 o tym, \u017ce fachowa fotografia to przede wszystkim odpowiedni sprz\u0119t, niemniej jednak te\u017c do\u015bwiadczeni i utalentowani fotografowie.Us\u0142ugi fotograficzne &#8211; na co zwr\u00f3ci\u0107 uwag\u0119?Us\u0142ugi fotograficzne skierowane s\u0105 zar\u00f3wno do os\u00f3b indywidualnych, jak te\u017c bardzo cz\u0119sto do klient\u00f3w biznesowych, a wi\u0119c r\u00f3\u017cnorakich podmiot\u00f3w gospodarczych.<!--more--><\/p>\n<p>  Bardzo cz\u0119sto z takich us\u0142ug korzystaj\u0105 firmy np w sektorze przemys\u0142owym, kt\u00f3re chc\u0105 przedstawi\u0107 si\u0119 swoim klientom i kontrahentom w jak najlepszym \u015bwietle za pomoc\u0105 odpowiedniej oprawy fotograficznej (sprawd\u017a r\u00f3wnie\u017c informacje na stronie: <a href=\"https:\/\/impact-photo.pl\/fotografia-przemyslowa\/\">fotografia przemys\u0142owa<\/a>). Nale\u017cy jednak\u017ce pami\u0119ta\u0107 o tym, \u017ce fotografia industrialna wymaga przede wszystkim dobrego podej\u015bcia, sprz\u0119tu, jak te\u017c umiej\u0119tnego uchwycenia najwa\u017cniejszych cech danego przedsi\u0119biorstwa. Warto zatem to zadanie odda\u0107 w r\u0119ce specjalist\u00f3w, kt\u00f3rzy nie tylko dysponuj\u0105 zaawansowanym sprz\u0119tem, niemniej jednak r\u00f3wnie\u017c maj\u0105 do\u015bwiadczenie i umiej\u0105 w jak zdecydowanie najlepszy spos\u00f3b przedstawi\u0107 hale magazynowe, hale produkcyjne czy pracownik\u00f3w przy pracy. Pr\u00f3cz tego us\u0142ugi fotograficzne obejmuj\u0105 tak\u017ce fotografie wykonywane na specjalne \u017cyczenia firm, kt\u00f3re mo\u017ce dotyczy\u0107 przyk\u0142adowo fotografowania wydarzenia plenerowego (wi\u0119cej: <a href=\"https:\/\/impact-photo.pl\/fotografia-biznesowa\/\">fotografia biznesowa<\/a>). Jest to te\u017c fotografia reporta\u017cowa, czyli zademonstrowanie relacji fotograficznej z jakiego\u015b wydarzenia. Jak si\u0119 zatem okazuje, us\u0142ugi fotograficzne maj\u0105 charakter kompleksowy i dostosowane s\u0105 do indywidualnych potrzeb klienta.<br \/>Warto zobaczy\u0107: <a href=\"https:\/\/impact-photo.pl\">zdj\u0119cia firmowe<\/a>.<\/p>\n","protected":false},"excerpt":{"rendered":"<p>Je\u017celi ju\u017c potrzebujemy profesjonalnych sesji zdj\u0119ciowych, to z ca\u0142\u0105 pewno\u015bci\u0105 warto skorzysta\u0107 z do\u015bwiadczonych firm, kt\u00f3re oferuj\u0105 mi\u0119dzy innymi zdj\u0119cia firmowe. Nale\u017cy pami\u0119ta\u0107 o tym, \u017ce fachowa fotografia to przede wszystkim odpowiedni sprz\u0119t, niemniej jednak te\u017c do\u015bwiadczeni i utalentowani fotografowie.Us\u0142ugi fotograficzne &#8211; na co zwr\u00f3ci\u0107 uwag\u0119?Us\u0142ugi fotograficzne skierowane s\u0105 zar\u00f3wno do os\u00f3b indywidualnych, jak te\u017c bardzo cz\u0119sto do klient\u00f3w biznesowych, a wi\u0119c r\u00f3\u017cnorakich podmiot\u00f3w gospodarczych.<\/p>\n","protected":false},"author":1,"featured_media":0,"comment_status":"closed","ping_status":"closed","sticky":false,"template":"","format":"standard","meta":[],"categories":[1],"tags":[],"_links":{"self":[{"href":"http:\/\/katalog.pagematerialy.pl\/index.php?rest_route=\/wp\/v2\/posts\/13725"}],"collection":[{"href":"http:\/\/katalog.pagematerialy.pl\/index.php?rest_route=\/wp\/v2\/posts"}],"about":[{"href":"http:\/\/katalog.pagematerialy.pl\/index.php?rest_route=\/wp\/v2\/types\/post"}],"author":[{"embeddable":true,"href":"http:\/\/katalog.pagematerialy.pl\/index.php?rest_route=\/wp\/v2\/users\/1"}],"replies":[{"embeddable":true,"href":"http:\/\/katalog.pagematerialy.pl\/index.php?rest_route=%2Fwp%2Fv2%2Fcomments&post=13725"}],"version-history":[{"count":1,"href":"http:\/\/katalog.pagematerialy.pl\/index.php?rest_route=\/wp\/v2\/posts\/13725\/revisions"}],"predecessor-version":[{"id":13726,"href":"http:\/\/katalog.pagematerialy.pl\/index.php?rest_route=\/wp\/v2\/posts\/13725\/revisions\/13726"}],"wp:attachment":[{"href":"http:\/\/katalog.pagematerialy.pl\/index.php?rest_route=%2Fwp%2Fv2%2Fmedia&parent=13725"}],"wp:term":[{"taxonomy":"category","embeddable":true,"href":"http:\/\/katalog.pagematerialy.pl\/index.php?rest_route=%2Fwp%2Fv2%2Fcategories&post=13725"},{"taxonomy":"post_tag","embeddable":true,"href":"http:\/\/katalog.pagematerialy.pl\/index.php?rest_route=%2Fwp%2Fv2%2Ftags&post=13725"}],"curies":[{"name":"wp","href":"https:\/\/api.w.org\/{rel}","templated":true}]}}